{"id":1762,"date":"2025-08-20T09:37:42","date_gmt":"2025-08-20T07:37:42","guid":{"rendered":"https:\/\/rk-mladost-sm.hr\/?p=1762"},"modified":"2025-09-20T21:04:19","modified_gmt":"2025-09-20T19:04:19","slug":"pocetak-priprema-za-sezonu-2025-2026","status":"publish","type":"post","link":"https:\/\/rk-mladost-sm.hr\/?p=1762","title":{"rendered":"PO\u010cETAK PRIPREMA ZA SEZONU 2025\/2026"},"content":{"rendered":"\n<p>U ponedjeljak 18.08.2025., sa pripremama za idu\u0107u natjecateljsku sezonu, po\u010dela je ekipa Seniora.<\/p>\n\n\n\n<p>Od ove Sezone seniorski sastav zapo\u010dinje natjecanje u rangu vi\u0161e &#8211; 3. Hrvatskoj rukometnoj ligi Sredi\u0161te.<\/p>\n\n\n\n<p>Isto tako, iz na\u0161ih mla\u0111ih uzrasta, odvaja se ekipa igra\u010da koji zapo\u010dinju natjecanje u kategoriji U13, dok \u0107e na\u0161i najmla\u0111i, kao i do sada, nastaviti natjecanje u mini rukometu.<\/p>\n\n\n\n<p>Korak je to naprijed za klub i ekipe, a na na\u0161im trenerima je da opravdaju zacrtane planove.<\/p>\n\n\n\n<p>Igra\u010dki kadar je ostao isti kao i pro\u0161le Sezone.<\/p>\n\n\n\n<p>Trenerski kadar je ostao isti , gdje je Danijel Lo\u017enjak trener 1.ekipe, a dvojac mladih trenera\/igra\u010da &#8211; Fran Tro\u0161elj i Janko Na\u010dkar vodit \u0107e mla\u0111e uzrasne kategorije<\/p>\n\n\n\n<figure class=\"wp-block-gallery has-nested-images columns-default is-cropped wp-block-gallery-1 is-layout-flex wp-block-gallery-is-layout-flex\">\n<figure class=\"wp-block-image size-large\"><img loading=\"lazy\" decoding=\"async\" width=\"768\" height=\"1024\" data-id=\"1763\" src=\"https:\/\/rk-mladost-sm.hr\/wp-content\/uploads\/2025\/08\/IMG-20250820-WA0003-768x1024.jpg\" alt=\"\" class=\"wp-image-1763\" srcset=\"https:\/\/rk-mladost-sm.hr\/wp-content\/uploads\/2025\/08\/IMG-20250820-WA0003-768x1024.jpg 768w, https:\/\/rk-mladost-sm.hr\/wp-content\/uploads\/2025\/08\/IMG-20250820-WA0003-225x300.jpg 225w, https:\/\/rk-mladost-sm.hr\/wp-content\/uploads\/2025\/08\/IMG-20250820-WA0003-1152x1536.jpg 1152w, https:\/\/rk-mladost-sm.hr\/wp-content\/uploads\/2025\/08\/IMG-20250820-WA0003-310x413.jpg 310w, https:\/\/rk-mladost-sm.hr\/wp-content\/uploads\/2025\/08\/IMG-20250820-WA0003-1024x1365.jpg 1024w, https:\/\/rk-mladost-sm.hr\/wp-content\/uploads\/2025\/08\/IMG-20250820-WA0003.jpg 1200w\" sizes=\"auto, (max-width: 768px) 100vw, 768px\" \/><\/figure>\n\n\n\n<figure class=\"wp-block-image size-large\"><img loading=\"lazy\" decoding=\"async\" width=\"768\" height=\"1024\" data-id=\"1764\" src=\"https:\/\/rk-mladost-sm.hr\/wp-content\/uploads\/2025\/08\/IMG-20250820-WA0004-768x1024.jpg\" alt=\"\" class=\"wp-image-1764\" srcset=\"https:\/\/rk-mladost-sm.hr\/wp-content\/uploads\/2025\/08\/IMG-20250820-WA0004-768x1024.jpg 768w, https:\/\/rk-mladost-sm.hr\/wp-content\/uploads\/2025\/08\/IMG-20250820-WA0004-225x300.jpg 225w, https:\/\/rk-mladost-sm.hr\/wp-content\/uploads\/2025\/08\/IMG-20250820-WA0004-1152x1536.jpg 1152w, https:\/\/rk-mladost-sm.hr\/wp-content\/uploads\/2025\/08\/IMG-20250820-WA0004-310x413.jpg 310w, https:\/\/rk-mladost-sm.hr\/wp-content\/uploads\/2025\/08\/IMG-20250820-WA0004-1024x1365.jpg 1024w, https:\/\/rk-mladost-sm.hr\/wp-content\/uploads\/2025\/08\/IMG-20250820-WA0004.jpg 1200w\" sizes=\"auto, (max-width: 768px) 100vw, 768px\" \/><\/figure>\n\n\n\n<figure class=\"wp-block-image size-large\"><img loading=\"lazy\" decoding=\"async\" width=\"768\" height=\"1024\" data-id=\"1765\" src=\"https:\/\/rk-mladost-sm.hr\/wp-content\/uploads\/2025\/08\/IMG-20250820-WA0005-768x1024.jpg\" alt=\"\" class=\"wp-image-1765\" srcset=\"https:\/\/rk-mladost-sm.hr\/wp-content\/uploads\/2025\/08\/IMG-20250820-WA0005-768x1024.jpg 768w, https:\/\/rk-mladost-sm.hr\/wp-content\/uploads\/2025\/08\/IMG-20250820-WA0005-225x300.jpg 225w, https:\/\/rk-mladost-sm.hr\/wp-content\/uploads\/2025\/08\/IMG-20250820-WA0005-1152x1536.jpg 1152w, https:\/\/rk-mladost-sm.hr\/wp-content\/uploads\/2025\/08\/IMG-20250820-WA0005-310x413.jpg 310w, https:\/\/rk-mladost-sm.hr\/wp-content\/uploads\/2025\/08\/IMG-20250820-WA0005-1024x1365.jpg 1024w, https:\/\/rk-mladost-sm.hr\/wp-content\/uploads\/2025\/08\/IMG-20250820-WA0005.jpg 1200w\" sizes=\"auto, (max-width: 768px) 100vw, 768px\" \/><\/figure>\n\n\n\n<figure class=\"wp-block-image size-large\"><img loading=\"lazy\" decoding=\"async\" width=\"1024\" height=\"576\" data-id=\"1770\" src=\"https:\/\/rk-mladost-sm.hr\/wp-content\/uploads\/2025\/08\/WhatsApp-Image-2025-08-19-at-19.10.58_c0b42bd6-1024x576.jpg\" alt=\"\" class=\"wp-image-1770\" srcset=\"https:\/\/rk-mladost-sm.hr\/wp-content\/uploads\/2025\/08\/WhatsApp-Image-2025-08-19-at-19.10.58_c0b42bd6-1024x576.jpg 1024w, https:\/\/rk-mladost-sm.hr\/wp-content\/uploads\/2025\/08\/WhatsApp-Image-2025-08-19-at-19.10.58_c0b42bd6-300x169.jpg 300w, https:\/\/rk-mladost-sm.hr\/wp-content\/uploads\/2025\/08\/WhatsApp-Image-2025-08-19-at-19.10.58_c0b42bd6-768x432.jpg 768w, https:\/\/rk-mladost-sm.hr\/wp-content\/uploads\/2025\/08\/WhatsApp-Image-2025-08-19-at-19.10.58_c0b42bd6-1536x864.jpg 1536w, https:\/\/rk-mladost-sm.hr\/wp-content\/uploads\/2025\/08\/WhatsApp-Image-2025-08-19-at-19.10.58_c0b42bd6-310x174.jpg 310w, https:\/\/rk-mladost-sm.hr\/wp-content\/uploads\/2025\/08\/WhatsApp-Image-2025-08-19-at-19.10.58_c0b42bd6-1280x720.jpg 1280w, https:\/\/rk-mladost-sm.hr\/wp-content\/uploads\/2025\/08\/WhatsApp-Image-2025-08-19-at-19.10.58_c0b42bd6.jpg 1920w\" sizes=\"auto, (max-width: 1024px) 100vw, 1024px\" \/><\/figure>\n\n\n\n<figure class=\"wp-block-image size-large\"><img loading=\"lazy\" decoding=\"async\" width=\"1024\" height=\"576\" data-id=\"1769\" src=\"https:\/\/rk-mladost-sm.hr\/wp-content\/uploads\/2025\/08\/WhatsApp-Image-2025-08-19-at-19.09.49_34f6a4fb-1024x576.jpg\" alt=\"\" class=\"wp-image-1769\" srcset=\"https:\/\/rk-mladost-sm.hr\/wp-content\/uploads\/2025\/08\/WhatsApp-Image-2025-08-19-at-19.09.49_34f6a4fb-1024x576.jpg 1024w, https:\/\/rk-mladost-sm.hr\/wp-content\/uploads\/2025\/08\/WhatsApp-Image-2025-08-19-at-19.09.49_34f6a4fb-300x169.jpg 300w, https:\/\/rk-mladost-sm.hr\/wp-content\/uploads\/2025\/08\/WhatsApp-Image-2025-08-19-at-19.09.49_34f6a4fb-768x432.jpg 768w, https:\/\/rk-mladost-sm.hr\/wp-content\/uploads\/2025\/08\/WhatsApp-Image-2025-08-19-at-19.09.49_34f6a4fb-1536x864.jpg 1536w, https:\/\/rk-mladost-sm.hr\/wp-content\/uploads\/2025\/08\/WhatsApp-Image-2025-08-19-at-19.09.49_34f6a4fb-310x174.jpg 310w, https:\/\/rk-mladost-sm.hr\/wp-content\/uploads\/2025\/08\/WhatsApp-Image-2025-08-19-at-19.09.49_34f6a4fb-1280x720.jpg 1280w, https:\/\/rk-mladost-sm.hr\/wp-content\/uploads\/2025\/08\/WhatsApp-Image-2025-08-19-at-19.09.49_34f6a4fb.jpg 1920w\" sizes=\"auto, (max-width: 1024px) 100vw, 1024px\" \/><\/figure>\n\n\n\n<figure class=\"wp-block-image size-large\"><img loading=\"lazy\" decoding=\"async\" width=\"768\" height=\"1024\" data-id=\"1768\" src=\"https:\/\/rk-mladost-sm.hr\/wp-content\/uploads\/2025\/08\/IMG-20250820-WA0008-768x1024.jpg\" alt=\"\" class=\"wp-image-1768\" srcset=\"https:\/\/rk-mladost-sm.hr\/wp-content\/uploads\/2025\/08\/IMG-20250820-WA0008-768x1024.jpg 768w, https:\/\/rk-mladost-sm.hr\/wp-content\/uploads\/2025\/08\/IMG-20250820-WA0008-225x300.jpg 225w, https:\/\/rk-mladost-sm.hr\/wp-content\/uploads\/2025\/08\/IMG-20250820-WA0008-1152x1536.jpg 1152w, https:\/\/rk-mladost-sm.hr\/wp-content\/uploads\/2025\/08\/IMG-20250820-WA0008-310x413.jpg 310w, https:\/\/rk-mladost-sm.hr\/wp-content\/uploads\/2025\/08\/IMG-20250820-WA0008-1024x1365.jpg 1024w, https:\/\/rk-mladost-sm.hr\/wp-content\/uploads\/2025\/08\/IMG-20250820-WA0008.jpg 1200w\" sizes=\"auto, (max-width: 768px) 100vw, 768px\" \/><\/figure>\n\n\n\n<figure class=\"wp-block-image size-large\"><img loading=\"lazy\" decoding=\"async\" width=\"768\" height=\"1024\" data-id=\"1767\" src=\"https:\/\/rk-mladost-sm.hr\/wp-content\/uploads\/2025\/08\/IMG-20250820-WA0007-768x1024.jpg\" alt=\"\" class=\"wp-image-1767\" srcset=\"https:\/\/rk-mladost-sm.hr\/wp-content\/uploads\/2025\/08\/IMG-20250820-WA0007-768x1024.jpg 768w, https:\/\/rk-mladost-sm.hr\/wp-content\/uploads\/2025\/08\/IMG-20250820-WA0007-225x300.jpg 225w, https:\/\/rk-mladost-sm.hr\/wp-content\/uploads\/2025\/08\/IMG-20250820-WA0007-1152x1536.jpg 1152w, https:\/\/rk-mladost-sm.hr\/wp-content\/uploads\/2025\/08\/IMG-20250820-WA0007-310x413.jpg 310w, https:\/\/rk-mladost-sm.hr\/wp-content\/uploads\/2025\/08\/IMG-20250820-WA0007-1024x1365.jpg 1024w, https:\/\/rk-mladost-sm.hr\/wp-content\/uploads\/2025\/08\/IMG-20250820-WA0007.jpg 1200w\" sizes=\"auto, (max-width: 768px) 100vw, 768px\" \/><\/figure>\n\n\n\n<figure class=\"wp-block-image size-large\"><img loading=\"lazy\" decoding=\"async\" width=\"768\" height=\"1024\" data-id=\"1766\" src=\"https:\/\/rk-mladost-sm.hr\/wp-content\/uploads\/2025\/08\/IMG-20250820-WA0006-768x1024.jpg\" alt=\"\" class=\"wp-image-1766\" srcset=\"https:\/\/rk-mladost-sm.hr\/wp-content\/uploads\/2025\/08\/IMG-20250820-WA0006-768x1024.jpg 768w, https:\/\/rk-mladost-sm.hr\/wp-content\/uploads\/2025\/08\/IMG-20250820-WA0006-225x300.jpg 225w, https:\/\/rk-mladost-sm.hr\/wp-content\/uploads\/2025\/08\/IMG-20250820-WA0006-1152x1536.jpg 1152w, https:\/\/rk-mladost-sm.hr\/wp-content\/uploads\/2025\/08\/IMG-20250820-WA0006-310x413.jpg 310w, https:\/\/rk-mladost-sm.hr\/wp-content\/uploads\/2025\/08\/IMG-20250820-WA0006-1024x1365.jpg 1024w, https:\/\/rk-mladost-sm.hr\/wp-content\/uploads\/2025\/08\/IMG-20250820-WA0006.jpg 1200w\" sizes=\"auto, (max-width: 768px) 100vw, 768px\" \/><\/figure>\n<\/figure>\n","protected":false},"excerpt":{"rendered":"<p>U ponedjeljak 18.08.2025., sa pripremama za idu\u0107u natjecateljsku sezonu, po\u010dela je ekipa Seniora. Od ove Sezone seniorski sastav zapo\u010dinje natjecanje&hellip;<\/p>\n","protected":false},"author":1,"featured_media":1767,"comment_status":"open","ping_status":"open","sticky":false,"template":"","format":"standard","meta":{"_jetpack_memberships_contains_paid_content":false,"footnotes":""},"categories":[1],"tags":[],"class_list":["post-1762","post","type-post","status-publish","format-standard","has-post-thumbnail","hentry","category-uncategorized"],"jetpack_featured_media_url":"https:\/\/rk-mladost-sm.hr\/wp-content\/uploads\/2025\/08\/IMG-20250820-WA0007.jpg","jetpack_sharing_enabled":true,"_links":{"self":[{"href":"https:\/\/rk-mladost-sm.hr\/index.php?rest_route=\/wp\/v2\/posts\/1762","targetHints":{"allow":["GET"]}}],"collection":[{"href":"https:\/\/rk-mladost-sm.hr\/index.php?rest_route=\/wp\/v2\/posts"}],"about":[{"href":"https:\/\/rk-mladost-sm.hr\/index.php?rest_route=\/wp\/v2\/types\/post"}],"author":[{"embeddable":true,"href":"https:\/\/rk-mladost-sm.hr\/index.php?rest_route=\/wp\/v2\/users\/1"}],"replies":[{"embeddable":true,"href":"https:\/\/rk-mladost-sm.hr\/index.php?rest_route=%2Fwp%2Fv2%2Fcomments&post=1762"}],"version-history":[{"count":3,"href":"https:\/\/rk-mladost-sm.hr\/index.php?rest_route=\/wp\/v2\/posts\/1762\/revisions"}],"predecessor-version":[{"id":1854,"href":"https:\/\/rk-mladost-sm.hr\/index.php?rest_route=\/wp\/v2\/posts\/1762\/revisions\/1854"}],"wp:featuredmedia":[{"embeddable":true,"href":"https:\/\/rk-mladost-sm.hr\/index.php?rest_route=\/wp\/v2\/media\/1767"}],"wp:attachment":[{"href":"https:\/\/rk-mladost-sm.hr\/index.php?rest_route=%2Fwp%2Fv2%2Fmedia&parent=1762"}],"wp:term":[{"taxonomy":"category","embeddable":true,"href":"https:\/\/rk-mladost-sm.hr\/index.php?rest_route=%2Fwp%2Fv2%2Fcategories&post=1762"},{"taxonomy":"post_tag","embeddable":true,"href":"https:\/\/rk-mladost-sm.hr\/index.php?rest_route=%2Fwp%2Fv2%2Ftags&post=1762"}],"curies":[{"name":"wp","href":"https:\/\/api.w.org\/{rel}","templated":true}]}}